{"id":3494,"global_id":"www.musedolomiti.it\/en\/?id=3494","global_id_lineage":["www.musedolomiti.it\/en\/?id=3494"],"author":"1","status":"publish","date":"2018-06-29 07:54:01","date_utc":"2018-06-29 05:54:01","modified":"2018-06-29 15:06:57","modified_utc":"2018-06-29 13:06:57","url":"https:\/\/www.musedolomiti.it\/en\/evento\/2018-la-lirica-la-musica-sacra\/","rest_url":"https:\/\/www.musedolomiti.it\/en\/wp-json\/tribe\/events\/v1\/events\/3494","title":"La Lirica &#038; la Musica Sacra","description":"<h5 class=\"p1\"><span class=\"s1\">Marted\u00ec 31 Luglio 2018, ore 21 | Chiesa del Sacro Cuore di Ges\u00f9, Str\u00e8da de Magoa, 32 &#8211; Canazei |<span class=\"Apple-converted-space\">\u00a0 <\/span>INGRESSO LIBERO<\/span><\/h5>\n<hr \/>\n<p class=\"p1\"><span class=\"s1\"><b>Kumiko Koike, soprano | Oda Zoe Hochscheid, mezzosoprano |\u00a0<\/b><\/span><span class=\"s1\"><b>Ai Yoshida, organo\/cembalo | Alex Gai, organo<\/b><\/span><\/p>\n<p>L\u2019Associazione culturale \u201cLe Muse e le Dolomiti\u201d, punto di riferimento per la musica classica nel territorio dolomitico, organizza un concerto vocale lirico in collaborazione con la Parrocchia del<br \/>\nSacro Cuore e con \u201cCanazei Events\u201d. Saranno eseguiti arie solistiche e duetti accompagnati al clavicembalo, in un programma che si situa tra Lirica e Musica Sacra. Inoltre, Ai Yoshida e Alex<br \/>\nGai suoneranno l\u2019organo restaurato, presente nella Chiesa.<\/p>\n<p>La presentazione al pubblico dei brani in programma sar\u00e0 affidata a Loris Serafini, studioso, organista a Cortina d\u2019Ampezzo, e curatore del Museo Albino Luciani &#8220;MUSAL&#8221; di Canale d\u2019Agordo.<\/p>\n<hr \/>\n<h4 class=\"p1\"><span class=\"s1\"><b><i>Le artiste e gli artisti<\/i><\/b><\/span><\/h4>\n<p class=\"p1\"><span class=\"s1\"><b>Kumiko Koike<\/b>, soprano giapponese, residente in Baviera, ha cantato con direttori di fama internazionale come i Maestri Haselb\u00f6ck e McGegan e ha tra l\u2019altro debuttato il ruolo di Ilia nel \u201cIdomeneo\u201d di W.A. Mozart.<\/span><\/p>\n<p class=\"p1\"><span class=\"s1\"><b>Oda Zoe Hochscheid<\/b>, mezzosoprano, ha debuttato diversi ruoli, tra i quali \u201cRosina\u201d nel Barbiere di Siviglia di Rossini. E\u2019 co-fondatrice del Progetto \u201cLe Muse e le Dolomiti\u201d e Presidente dell\u2019Associazione stessa. Oda, cittadina olandese, \u00e8 residente a Falcade dal 2013. <\/span><\/p>\n<p class=\"p1\"><span class=\"s1\"><b>Ai Yoshida,<\/b> giapponese, organista \/ cembalista, vive e lavora da tempo in Italia, a Tesero in Val di Fiemme. Dal 2016 ricopre l&#8217;incarico di Vice Presidente dell\u2019Associazione.<\/span><\/p>\n<p class=\"p1\"><span class=\"s1\"><b>Alex Gai <\/b>\u00e8 organista presso la Chiesa Parrocchiale di Tesero e organaro presso la Ditta organaria \u201cAndrea Zeni\u201d. Con la moglie Ai Yoshida,<span class=\"Apple-converted-space\">\u00a0 <\/span>suona concerti in Europa e Giappone.<\/span><\/p>","excerpt":"","slug":"2018-la-lirica-la-musica-sacra","image":{"url":"https:\/\/www.musedolomiti.it\/wp-content\/uploads\/2018\/06\/La_Lirica_e_la_Musica_Sacra.jpg","id":3506,"extension":"jpg","width":1800,"height":1200,"sizes":{"thumbnail":{"width":150,"height":150,"mime-type":"image\/jpeg","url":"https:\/\/www.musedolomiti.it\/wp-content\/uploads\/2018\/06\/La_Lirica_e_la_Musica_Sacra-150x150.jpg"},"medium":{"width":300,"height":200,"mime-type":"image\/jpeg","url":"https:\/\/www.musedolomiti.it\/wp-content\/uploads\/2018\/06\/La_Lirica_e_la_Musica_Sacra-300x200.jpg"},"medium_large":{"width":768,"height":512,"mime-type":"image\/jpeg","url":"https:\/\/www.musedolomiti.it\/wp-content\/uploads\/2018\/06\/La_Lirica_e_la_Musica_Sacra-768x512.jpg"},"large":{"width":1024,"height":683,"mime-type":"image\/jpeg","url":"https:\/\/www.musedolomiti.it\/wp-content\/uploads\/2018\/06\/La_Lirica_e_la_Musica_Sacra-1024x683.jpg"},"post-thumbnail-size":{"width":750,"height":330,"mime-type":"image\/jpeg","url":"https:\/\/www.musedolomiti.it\/wp-content\/uploads\/2018\/06\/La_Lirica_e_la_Musica_Sacra-750x330.jpg"},"round-personnel-size":{"width":400,"height":400,"mime-type":"image\/jpeg","url":"https:\/\/www.musedolomiti.it\/wp-content\/uploads\/2018\/06\/La_Lirica_e_la_Musica_Sacra-400x400.jpg"},"small-grid-size":{"width":400,"height":300,"mime-type":"image\/jpeg","url":"https:\/\/www.musedolomiti.it\/wp-content\/uploads\/2018\/06\/La_Lirica_e_la_Musica_Sacra-400x300.jpg"},"portrait":{"width":440,"height":550,"mime-type":"image\/jpeg","url":"https:\/\/www.musedolomiti.it\/wp-content\/uploads\/2018\/06\/La_Lirica_e_la_Musica_Sacra-440x550.jpg"},"post-slider-side":{"width":750,"height":330,"mime-type":"image\/jpeg","url":"https:\/\/www.musedolomiti.it\/wp-content\/uploads\/2018\/06\/La_Lirica_e_la_Musica_Sacra-750x330.jpg"},"full-slider":{"width":980,"height":380,"mime-type":"image\/jpeg","url":"https:\/\/www.musedolomiti.it\/wp-content\/uploads\/2018\/06\/La_Lirica_e_la_Musica_Sacra-980x380.jpg"},"portfolio-portrait":{"width":500,"height":550,"mime-type":"image\/jpeg","url":"https:\/\/www.musedolomiti.it\/wp-content\/uploads\/2018\/06\/La_Lirica_e_la_Musica_Sacra-500x550.jpg"},"blog-grid":{"width":700,"height":400,"mime-type":"image\/jpeg","url":"https:\/\/www.musedolomiti.it\/wp-content\/uploads\/2018\/06\/La_Lirica_e_la_Musica_Sacra-700x400.jpg"}}},"all_day":false,"start_date":"2018-07-31 21:00:00","start_date_details":{"year":"2018","month":"07","day":"31","hour":"21","minutes":"00","seconds":"00"},"end_date":"2018-07-31 23:00:00","end_date_details":{"year":"2018","month":"07","day":"31","hour":"23","minutes":"00","seconds":"00"},"utc_start_date":"2018-07-31 19:00:00","utc_start_date_details":{"year":"2018","month":"07","day":"31","hour":"19","minutes":"00","seconds":"00"},"utc_end_date":"2018-07-31 21:00:00","utc_end_date_details":{"year":"2018","month":"07","day":"31","hour":"21","minutes":"00","seconds":"00"},"timezone":"Europe\/Rome","timezone_abbr":"CEST","cost":"","cost_details":{"currency_symbol":"","currency_code":"","currency_position":"prefix","values":[]},"website":"","show_map":false,"show_map_link":true,"hide_from_listings":false,"sticky":false,"featured":false,"categories":[{"name":"Eventi","slug":"eventi","term_group":0,"term_taxonomy_id":61,"taxonomy":"tribe_events_cat","description":"","parent":0,"count":16,"filter":"raw","id":61,"urls":{"self":"https:\/\/www.musedolomiti.it\/en\/wp-json\/tribe\/events\/v1\/categories\/61","collection":"https:\/\/www.musedolomiti.it\/en\/wp-json\/tribe\/events\/v1\/categories"}}],"tags":[],"venue":{"id":3425,"author":"1","status":"publish","date":"2018-06-29 06:37:40","date_utc":"2018-06-29 04:37:40","modified":"2019-09-02 08:46:46","modified_utc":"2019-09-02 06:46:46","url":"https:\/\/www.musedolomiti.it\/en\/venue\/chiesa-del-sacro-cuore-di-gesu\/","venue":"Chiesa del Sacro Cuore di Ges\u00f9, Canazei","slug":"chiesa-del-sacro-cuore-di-gesu","address":"Str\u00e8da de Magoa, 32","city":"Canezei","country":"Italia","province":"BL","zip":"32020","stateprovince":"BL","geo_lat":41.87194000000000215777617995627224445343017578125,"geo_lng":12.5673799999999999954525264911353588104248046875,"json_ld":{"@type":"Place","name":"Chiesa del Sacro Cuore di Ges\u00f9, Canazei","description":"","url":"https:\/\/www.musedolomiti.it\/en\/venue\/chiesa-del-sacro-cuore-di-gesu\/","address":{"@type":"PostalAddress","streetAddress":"Str\u00e8da de Magoa, 32","addressLocality":"Canezei","addressRegion":"BL","postalCode":"32020","addressCountry":"Italia"},"geo":{"@type":"GeoCoordinates","latitude":41.87194000000000215777617995627224445343017578125,"longitude":12.5673799999999999954525264911353588104248046875},"telephone":"","sameAs":""},"show_map":false,"show_map_link":true,"global_id":"www.musedolomiti.it\/en\/?id=3425","global_id_lineage":["www.musedolomiti.it\/en\/?id=3425"]},"organizer":[{"id":3350,"author":"1","status":"publish","date":"2018-06-26 22:23:33","date_utc":"2018-06-26 20:23:33","modified":"2025-07-09 00:15:48","modified_utc":"2025-07-08 22:15:48","url":"https:\/\/www.musedolomiti.it\/en\/organizer\/le-muse-e-le-dolomiti\/","organizer":"Associazione Culturale \u201cLe Muse e le Dolomiti\u201d","slug":"le-muse-e-le-dolomiti","website":"http:\/\/www.musedolomiti.it","email":"organizzazione@musedolomiti.it","json_ld":{"@type":"Person","name":"Associazione Culturale \u201cLe Muse e le Dolomiti\u201d","description":"","url":"http:\/\/www.musedolomiti.it","telephone":"","email":"or&#103;&#97;&#110;iz&#122;a&#122;&#105;&#111;&#110;e&#64;&#109;&#117;&#115;e&#100;&#111;&#108;&#111;mit&#105;&#46;it","sameAs":"http:\/\/www.musedolomiti.it"},"global_id":"www.musedolomiti.it\/en\/?id=3350","global_id_lineage":["www.musedolomiti.it\/en\/?id=3350"]}],"custom_fields":[],"json_ld":{"@context":"http:\/\/schema.org","@type":"Event","name":"La Lirica &#038; la Musica Sacra","description":"&lt;p&gt;Marted\u00ec 31 Luglio 2018, ore 21 | Chiesa del Sacro Cuore di Ges\u00f9, Str\u00e8da de Magoa, 32 - Canazei |\u00a0 INGRESSO LIBERO Kumiko Koike, soprano | Oda Zoe Hochscheid, mezzosoprano... &lt;\/p&gt;\\n&lt;div class=&quot;clear&quot;&gt;&lt;\/div&gt;\\n&lt;p&gt;&lt;a href=&quot;https:\/\/www.musedolomiti.it\/en\/evento\/2018-la-lirica-la-musica-sacra\/&quot; class=&quot;gdlr-button with-border excerpt-read-more&quot;&gt;Read More&lt;\/a&gt;&lt;\/p&gt;\\n","image":"https:\/\/www.musedolomiti.it\/wp-content\/uploads\/2018\/06\/La_Lirica_e_la_Musica_Sacra.jpg","url":"https:\/\/www.musedolomiti.it\/en\/evento\/2018-la-lirica-la-musica-sacra\/","eventAttendanceMode":"https:\/\/schema.org\/OfflineEventAttendanceMode","eventStatus":"https:\/\/schema.org\/EventScheduled","startDate":"2018-07-31T21:00:00+02:00","endDate":"2018-07-31T23:00:00+02:00","location":{"@type":"Place","name":"Chiesa del Sacro Cuore di Ges\u00f9, Canazei","description":"","url":"https:\/\/www.musedolomiti.it\/en\/venue\/chiesa-del-sacro-cuore-di-gesu\/","address":{"@type":"PostalAddress","streetAddress":"Str\u00e8da de Magoa, 32","addressLocality":"Canezei","addressRegion":"BL","postalCode":"32020","addressCountry":"Italia"},"geo":{"@type":"GeoCoordinates","latitude":41.87194000000000215777617995627224445343017578125,"longitude":12.5673799999999999954525264911353588104248046875},"telephone":"","sameAs":""},"organizer":{"@type":"Person","name":"Associazione Culturale \u201cLe Muse e le Dolomiti\u201d","description":"","url":"http:\/\/www.musedolomiti.it","telephone":"","email":"&#111;rga&#110;&#105;z&#122;az&#105;&#111;&#110;e&#64;m&#117;s&#101;d&#111;lo&#109;&#105;ti&#46;&#105;t","sameAs":"http:\/\/www.musedolomiti.it"},"performer":"Organization"}}