{"id":4877,"global_id":"www.musedolomiti.it\/en\/?id=4877","global_id_lineage":["www.musedolomiti.it\/en\/?id=4877"],"author":"2","status":"publish","date":"2021-06-02 22:25:47","date_utc":"2021-06-02 20:25:47","modified":"2021-06-24 12:15:38","modified_utc":"2021-06-24 10:15:38","url":"https:\/\/www.musedolomiti.it\/en\/evento\/zigzagando-in-europa-tesero\/","rest_url":"https:\/\/www.musedolomiti.it\/en\/wp-json\/tribe\/events\/v1\/events\/4877","title":"IX Edizione 2021 &#8211; Zigzagando in Europa","description":"<h5 class=\"p1\"><span class=\"s1\">Venerd\u00ec 2 Luglio 2021, ore 21:00 | Sala Bavarese a Tesero<\/span><\/h5>\n<p>&nbsp;<\/p>\n<p><strong><a href=\"https:\/\/www.musedolomiti.it\/wp-content\/uploads\/2020\/02\/A3_MuseDolomiti_02_07_2021.pdf\" target=\"_blank\" rel=\"attachment noopener wp-att-4979\"><img loading=\"lazy\" decoding=\"async\" class=\"alignleft wp-image-4979\" src=\"https:\/\/www.musedolomiti.it\/wp-content\/uploads\/2021\/06\/A3_MuseDolomiti_02_07_2021-213x300.jpg\" alt=\"\" width=\"450\" height=\"635\" srcset=\"https:\/\/www.musedolomiti.it\/wp-content\/uploads\/2021\/06\/A3_MuseDolomiti_02_07_2021-213x300.jpg 213w, https:\/\/www.musedolomiti.it\/wp-content\/uploads\/2021\/06\/A3_MuseDolomiti_02_07_2021-725x1024.jpg 725w, https:\/\/www.musedolomiti.it\/wp-content\/uploads\/2021\/06\/A3_MuseDolomiti_02_07_2021-768x1084.jpg 768w, https:\/\/www.musedolomiti.it\/wp-content\/uploads\/2021\/06\/A3_MuseDolomiti_02_07_2021-1088x1536.jpg 1088w, https:\/\/www.musedolomiti.it\/wp-content\/uploads\/2021\/06\/A3_MuseDolomiti_02_07_2021.jpg 1360w\" sizes=\"auto, (max-width: 450px) 100vw, 450px\" \/><\/a>Oda Zoe Hochscheid, mezzosoprano<br \/>\nDoris Hochscheid, violoncello<br \/>\nFrans van Ruth, pianoforte<\/strong><\/p>\n<p>Stasera vi proporremo un viaggio musicale attraverso l\u2019Europa e senza tralasciare la Russia.<\/p>\n<p>Il trio Oda Zoe, Doris e Frans canter\u00e0 e suoner\u00e0 una variet\u00e0 di musiche da camera dell\u2019 \u2018800 e del primo \u2018900 realizzando cos\u00ec uno \u201czigzag\u201d musicale mirato: viaggeremo con le note, emozionandosi grazie a questo repertorio senza confini che unisce l\u2019Europa e il mondo.<\/p>\n<p><em>Un sentito ringraziamento al Comune e al Comitato Manifestazioni di Tesero e all&#8217;associazione <a href=\"https:\/\/giulianoorganotesero.it\" target=\"_blank\" rel=\"noopener\">&#8220;Giuliano per l&#8217;Organo di Tesero&#8221;<\/a>!<\/em><\/p>\n<p>Foto: Yvon Moll<\/p>\n<p><b>Precauzioni anti-COVID19:<\/b><\/p>\n<ul>\n<li>Prenotazione <strong>obbligatoria<\/strong><br \/>\ntramite whatsapp al 340 230 5439<br \/>\no via mail: ufficio@musedolomiti.it<\/li>\n<li>Chiediamo gentilmente di ricordarsi la mascherina;<\/li>\n<li>Vi preghiamo di igienizzare le mani con gel alcoolico messo a disposizione dall\u2019Associazione all\u2019ingresso e all\u2019uscita della sala;<\/li>\n<li>Sar\u00e0 possibile sedersi solo nei posti predisposti a distanza di sicurezza di un metro;<\/li>\n<li>Registreremo e conserveremo le vostre generalit\u00e0 e un contatto (mail e telefono) per 14 giorni.<\/li>\n<\/ul>\n<p>Segnaliamo che potr\u00e0 essere rilevata la temperatura corporea.<\/p>","excerpt":"","slug":"zigzagando-in-europa-tesero","image":{"url":"https:\/\/www.musedolomiti.it\/wp-content\/uploads\/2020\/02\/IMG_2447.A.jpg","id":4652,"extension":"jpg","width":700,"height":467,"sizes":{"medium":{"width":300,"height":200,"mime-type":"image\/jpeg","url":"https:\/\/www.musedolomiti.it\/wp-content\/uploads\/2020\/02\/IMG_2447.A-300x200.jpg"},"thumbnail":{"width":150,"height":150,"mime-type":"image\/jpeg","url":"https:\/\/www.musedolomiti.it\/wp-content\/uploads\/2020\/02\/IMG_2447.A-150x150.jpg"},"post-thumbnail-size":{"width":700,"height":330,"mime-type":"image\/jpeg","url":"https:\/\/www.musedolomiti.it\/wp-content\/uploads\/2020\/02\/IMG_2447.A-700x330.jpg"},"round-personnel-size":{"width":400,"height":400,"mime-type":"image\/jpeg","url":"https:\/\/www.musedolomiti.it\/wp-content\/uploads\/2020\/02\/IMG_2447.A-400x400.jpg"},"small-grid-size":{"width":400,"height":300,"mime-type":"image\/jpeg","url":"https:\/\/www.musedolomiti.it\/wp-content\/uploads\/2020\/02\/IMG_2447.A-400x300.jpg"},"portrait":{"width":440,"height":467,"mime-type":"image\/jpeg","url":"https:\/\/www.musedolomiti.it\/wp-content\/uploads\/2020\/02\/IMG_2447.A-440x467.jpg"},"post-slider-side":{"width":700,"height":330,"mime-type":"image\/jpeg","url":"https:\/\/www.musedolomiti.it\/wp-content\/uploads\/2020\/02\/IMG_2447.A-700x330.jpg"},"full-slider":{"width":700,"height":380,"mime-type":"image\/jpeg","url":"https:\/\/www.musedolomiti.it\/wp-content\/uploads\/2020\/02\/IMG_2447.A-700x380.jpg"},"portfolio-portrait":{"width":500,"height":467,"mime-type":"image\/jpeg","url":"https:\/\/www.musedolomiti.it\/wp-content\/uploads\/2020\/02\/IMG_2447.A-500x467.jpg"},"blog-grid":{"width":700,"height":400,"mime-type":"image\/jpeg","url":"https:\/\/www.musedolomiti.it\/wp-content\/uploads\/2020\/02\/IMG_2447.A-700x400.jpg"}}},"all_day":false,"start_date":"2021-07-02 21:00:00","start_date_details":{"year":"2021","month":"07","day":"02","hour":"21","minutes":"00","seconds":"00"},"end_date":"2021-07-02 21:00:00","end_date_details":{"year":"2021","month":"07","day":"02","hour":"21","minutes":"00","seconds":"00"},"utc_start_date":"2021-07-02 19:00:00","utc_start_date_details":{"year":"2021","month":"07","day":"02","hour":"19","minutes":"00","seconds":"00"},"utc_end_date":"2021-07-02 19:00:00","utc_end_date_details":{"year":"2021","month":"07","day":"02","hour":"19","minutes":"00","seconds":"00"},"timezone":"Europe\/Rome","timezone_abbr":"CEST","cost":"","cost_details":{"currency_symbol":"","currency_code":"","currency_position":"suffix","values":[]},"website":"","show_map":false,"show_map_link":true,"hide_from_listings":false,"sticky":false,"featured":false,"categories":[{"name":"IX Edizione 2021","slug":"ix-edizione-2021","term_group":0,"term_taxonomy_id":75,"taxonomy":"tribe_events_cat","description":"","parent":61,"count":15,"filter":"raw","id":75,"urls":{"self":"https:\/\/www.musedolomiti.it\/en\/wp-json\/tribe\/events\/v1\/categories\/75","collection":"https:\/\/www.musedolomiti.it\/en\/wp-json\/tribe\/events\/v1\/categories","up":"https:\/\/www.musedolomiti.it\/en\/wp-json\/tribe\/events\/v1\/categories\/61"}}],"tags":[],"venue":{"id":3923,"author":"1","status":"publish","date":"2018-09-28 17:07:47","date_utc":"2018-09-28 15:07:47","modified":"2018-09-28 17:07:47","modified_utc":"2018-09-28 15:07:47","url":"https:\/\/www.musedolomiti.it\/en\/venue\/sala-bavarese-di-tesero\/","venue":"Sala Bavarese di Tesero","slug":"sala-bavarese-di-tesero","address":"Via Noval, 5","city":"Tesero","country":"Italia","province":"Trento","zip":"38038","stateprovince":"Trento","json_ld":{"@type":"Place","name":"Sala Bavarese di Tesero","description":"","url":"https:\/\/www.musedolomiti.it\/en\/venue\/sala-bavarese-di-tesero\/","address":{"@type":"PostalAddress","streetAddress":"Via Noval, 5","addressLocality":"Tesero","addressRegion":"Trento","postalCode":"38038","addressCountry":"Italia"},"telephone":"","sameAs":""},"show_map":false,"show_map_link":true,"global_id":"www.musedolomiti.it\/en\/?id=3923","global_id_lineage":["www.musedolomiti.it\/en\/?id=3923"]},"organizer":[{"id":3350,"author":"1","status":"publish","date":"2018-06-26 22:23:33","date_utc":"2018-06-26 20:23:33","modified":"2025-07-09 00:15:48","modified_utc":"2025-07-08 22:15:48","url":"https:\/\/www.musedolomiti.it\/en\/organizer\/le-muse-e-le-dolomiti\/","organizer":"Associazione Culturale \u201cLe Muse e le Dolomiti\u201d","slug":"le-muse-e-le-dolomiti","website":"http:\/\/www.musedolomiti.it","email":"organizzazione@musedolomiti.it","json_ld":{"@type":"Person","name":"Associazione Culturale \u201cLe Muse e le Dolomiti\u201d","description":"","url":"http:\/\/www.musedolomiti.it","telephone":"","email":"&#111;r&#103;ani&#122;&#122;a&#122;&#105;&#111;&#110;e&#64;mused&#111;&#108;&#111;mit&#105;.&#105;t","sameAs":"http:\/\/www.musedolomiti.it"},"global_id":"www.musedolomiti.it\/en\/?id=3350","global_id_lineage":["www.musedolomiti.it\/en\/?id=3350"]}],"custom_fields":[],"json_ld":{"@context":"http:\/\/schema.org","@type":"Event","name":"IX Edizione 2021 &#8211; Zigzagando in Europa","description":"&lt;p&gt;Venerd\u00ec 2 Luglio 2021, ore 21:00 | Sala Bavarese a Tesero &nbsp; Oda Zoe Hochscheid, mezzosoprano Doris Hochscheid, violoncello Frans van Ruth, pianoforte Stasera vi proporremo un viaggio musicale attraverso... &lt;\/p&gt;\\n&lt;div class=&quot;clear&quot;&gt;&lt;\/div&gt;\\n&lt;p&gt;&lt;a href=&quot;https:\/\/www.musedolomiti.it\/en\/evento\/zigzagando-in-europa-tesero\/&quot; class=&quot;gdlr-button with-border excerpt-read-more&quot;&gt;Read More&lt;\/a&gt;&lt;\/p&gt;\\n","image":"https:\/\/www.musedolomiti.it\/wp-content\/uploads\/2020\/02\/IMG_2447.A.jpg","url":"https:\/\/www.musedolomiti.it\/en\/evento\/zigzagando-in-europa-tesero\/","eventAttendanceMode":"https:\/\/schema.org\/OfflineEventAttendanceMode","eventStatus":"https:\/\/schema.org\/EventScheduled","startDate":"2021-07-02T21:00:00+02:00","endDate":"2021-07-02T21:00:00+02:00","location":{"@type":"Place","name":"Sala Bavarese di Tesero","description":"","url":"https:\/\/www.musedolomiti.it\/en\/venue\/sala-bavarese-di-tesero\/","address":{"@type":"PostalAddress","streetAddress":"Via Noval, 5","addressLocality":"Tesero","addressRegion":"Trento","postalCode":"38038","addressCountry":"Italia"},"telephone":"","sameAs":""},"organizer":{"@type":"Person","name":"Associazione Culturale \u201cLe Muse e le Dolomiti\u201d","description":"","url":"http:\/\/www.musedolomiti.it","telephone":"","email":"&#111;rgan&#105;zza&#122;ion&#101;&#64;&#109;&#117;s&#101;&#100;&#111;l&#111;&#109;it&#105;.&#105;&#116;","sameAs":"http:\/\/www.musedolomiti.it"},"performer":"Organization"}}