{"id":4889,"global_id":"www.musedolomiti.it\/en\/?id=4889","global_id_lineage":["www.musedolomiti.it\/en\/?id=4889"],"author":"2","status":"publish","date":"2021-06-03 09:12:00","date_utc":"2021-06-03 07:12:00","modified":"2021-06-27 15:49:29","modified_utc":"2021-06-27 13:49:29","url":"https:\/\/www.musedolomiti.it\/en\/evento\/ix-edizione-2021-caleidoscopio-feltre\/","rest_url":"https:\/\/www.musedolomiti.it\/en\/wp-json\/tribe\/events\/v1\/events\/4889","title":"IX Edizione 2021 &#8211; Il Caleidoscopio Ensemble","description":"<h5 class=\"p1\"><span class=\"s1\">Domenica 11 Giugno 2021, ore 18 | Chiostro del Santuario dei Ss. Vittore e Corona a Feltre |<span class=\"Apple-converted-space\">\u00a0 <\/span>INGRESSO LIBERO<\/span><\/h5>\n<hr \/>\n<p><a href=\"https:\/\/www.musedolomiti.it\/wp-content\/uploads\/2021\/06\/A3_CaleidoscopioFeltre_piccolo.pdf\" target=\"_blank\" rel=\"noopener\"><img loading=\"lazy\" decoding=\"async\" class=\"alignleft wp-image-5000\" src=\"https:\/\/www.musedolomiti.it\/wp-content\/uploads\/2021\/06\/A3_Caleidoscopio-11_07_2021-213x300.jpg\" alt=\"\" width=\"450\" height=\"635\" srcset=\"https:\/\/www.musedolomiti.it\/wp-content\/uploads\/2021\/06\/A3_Caleidoscopio-11_07_2021-213x300.jpg 213w, https:\/\/www.musedolomiti.it\/wp-content\/uploads\/2021\/06\/A3_Caleidoscopio-11_07_2021-725x1024.jpg 725w, https:\/\/www.musedolomiti.it\/wp-content\/uploads\/2021\/06\/A3_Caleidoscopio-11_07_2021-768x1084.jpg 768w, https:\/\/www.musedolomiti.it\/wp-content\/uploads\/2021\/06\/A3_Caleidoscopio-11_07_2021-1088x1536.jpg 1088w, https:\/\/www.musedolomiti.it\/wp-content\/uploads\/2021\/06\/A3_Caleidoscopio-11_07_2021.jpg 1360w\" sizes=\"auto, (max-width: 450px) 100vw, 450px\" \/><\/a><b><\/b><\/p>\n<p><em>Concerto in collaborazione con &#8220;La Via al Santuario &#8211;\u00a0Itinerario musicale, poetico e di conoscenza&#8221; &#8211; \u00a0XVI edizione<\/em><\/p>\n<p><strong>Il Caleidoscopio Ensemble<\/strong><\/p>\n<p><strong>Lathika Vithanage, violino barocco<br \/>\n<\/strong><strong>Noelia Reverte Reche, viola da gamba<br \/>\nFlora Papadopoulos, arpa doppia<\/strong><\/p>\n<p><strong>Il Caleidoscopio Ensemble<\/strong>, gruppo riconosciuto a livello internazionale, propone il grande repertorio barocco incrociando voci e sonorit\u00e0 con modalit\u00e0 sempre diverse e innovative. Sar\u00e0 possibile ascoltare il loro programma <strong>For several friends<\/strong>, che prende il nome dall\u2019omonimo brano del compositore inglese seicentesco Locke. <strong>For several friends<\/strong> spazia dal secondo &#8216;500 al primo &#8216;700 attraverso compositori austriaci, inglesi, italiani, spagnoli e francesi: un programma davvero vario che rispecchia la ricchezza musicale dell&#8217;Europa nell\u2019Epoca Barocca.<\/p>\n<p>Il concerto si terr\u00e0 all&#8217;area aperta nel chiostro del meraviglioso Santuario, alle ore 18 a seguito della Messa Vespertina.<\/p>\n<p>In caso di maltempo, il concerto si terr\u00e0 nella Sala Binotto del Santuario.<\/p>\n<p><i>Un sentito ringraziamento\u00a0al Santuario dei Ss. Vittore e Corona, al <a href=\"http:\/\/www.centrostudiclaviere.it\/eventi\/la-via-al-santuario\/\" target=\"_blank\" rel=\"noopener\">Centro Studi Claviere<\/a>, organizzatore de <em><a href=\"http:\/\/www.centrostudiclaviere.it\/eventi\/la-via-al-santuario\/\" target=\"_blank\" rel=\"noopener\">&#8220;La Via al Santuario &#8211;\u00a0Itinerario musicale, poetico e di conoscenza&#8221; &#8211; \u00a0XVI edizione<\/a>\u00a0e al Comune di Feltre\u00a0<\/em>per aver accolto con entusiasmo la nostra proposta in questo luogo stupendo!<\/i><\/p>\n<p><b>Precauzioni anti-COVID19:<\/b><\/p>\n<ul>\n<li>Prenotazione gradita<br \/>\ntramite whatsapp al 340 230 5439<br \/>\no via mail: ufficio@musedolomiti.it<\/li>\n<li>Chiediamo gentilmente di ricordarsi la mascherina;<\/li>\n<li>Registreremo e conserveremo le vostre generalit\u00e0 e un contatto (mail e telefono) per 14 giorni;<\/li>\n<li>Sar\u00e0 possibile sedersi solo nei posti predisposti a distanza di sicurezza di un metro.<\/li>\n<\/ul>\n<p>Segnaliamo che potr\u00e0 essere rilevata la temperatura corporea.<\/p>","excerpt":"","slug":"ix-edizione-2021-caleidoscopio-feltre","image":{"url":"https:\/\/www.musedolomiti.it\/wp-content\/uploads\/2021\/06\/caleidoscopio21.jpg","id":4890,"extension":"jpg","width":791,"height":280,"sizes":{"medium":{"width":300,"height":106,"mime-type":"image\/jpeg","url":"https:\/\/www.musedolomiti.it\/wp-content\/uploads\/2021\/06\/caleidoscopio21-300x106.jpg"},"thumbnail":{"width":150,"height":150,"mime-type":"image\/jpeg","url":"https:\/\/www.musedolomiti.it\/wp-content\/uploads\/2021\/06\/caleidoscopio21-150x150.jpg"},"medium_large":{"width":768,"height":272,"mime-type":"image\/jpeg","url":"https:\/\/www.musedolomiti.it\/wp-content\/uploads\/2021\/06\/caleidoscopio21-768x272.jpg"},"post-thumbnail-size":{"width":750,"height":280,"mime-type":"image\/jpeg","url":"https:\/\/www.musedolomiti.it\/wp-content\/uploads\/2021\/06\/caleidoscopio21-750x280.jpg"},"round-personnel-size":{"width":400,"height":280,"mime-type":"image\/jpeg","url":"https:\/\/www.musedolomiti.it\/wp-content\/uploads\/2021\/06\/caleidoscopio21-400x280.jpg"},"small-grid-size":{"width":400,"height":280,"mime-type":"image\/jpeg","url":"https:\/\/www.musedolomiti.it\/wp-content\/uploads\/2021\/06\/caleidoscopio21-400x280.jpg"},"portrait":{"width":440,"height":280,"mime-type":"image\/jpeg","url":"https:\/\/www.musedolomiti.it\/wp-content\/uploads\/2021\/06\/caleidoscopio21-440x280.jpg"},"post-slider-side":{"width":750,"height":280,"mime-type":"image\/jpeg","url":"https:\/\/www.musedolomiti.it\/wp-content\/uploads\/2021\/06\/caleidoscopio21-750x280.jpg"},"portfolio-portrait":{"width":500,"height":280,"mime-type":"image\/jpeg","url":"https:\/\/www.musedolomiti.it\/wp-content\/uploads\/2021\/06\/caleidoscopio21-500x280.jpg"},"blog-grid":{"width":700,"height":280,"mime-type":"image\/jpeg","url":"https:\/\/www.musedolomiti.it\/wp-content\/uploads\/2021\/06\/caleidoscopio21-700x280.jpg"}}},"all_day":false,"start_date":"2021-07-11 18:00:00","start_date_details":{"year":"2021","month":"07","day":"11","hour":"18","minutes":"00","seconds":"00"},"end_date":"2021-07-11 18:00:00","end_date_details":{"year":"2021","month":"07","day":"11","hour":"18","minutes":"00","seconds":"00"},"utc_start_date":"2021-07-11 16:00:00","utc_start_date_details":{"year":"2021","month":"07","day":"11","hour":"16","minutes":"00","seconds":"00"},"utc_end_date":"2021-07-11 16:00:00","utc_end_date_details":{"year":"2021","month":"07","day":"11","hour":"16","minutes":"00","seconds":"00"},"timezone":"Europe\/Rome","timezone_abbr":"CEST","cost":"","cost_details":{"currency_symbol":"","currency_code":"","currency_position":"suffix","values":[]},"website":"","show_map":false,"show_map_link":true,"hide_from_listings":false,"sticky":false,"featured":false,"categories":[{"name":"IX Edizione 2021","slug":"ix-edizione-2021","term_group":0,"term_taxonomy_id":75,"taxonomy":"tribe_events_cat","description":"","parent":61,"count":15,"filter":"raw","id":75,"urls":{"self":"https:\/\/www.musedolomiti.it\/en\/wp-json\/tribe\/events\/v1\/categories\/75","collection":"https:\/\/www.musedolomiti.it\/en\/wp-json\/tribe\/events\/v1\/categories","up":"https:\/\/www.musedolomiti.it\/en\/wp-json\/tribe\/events\/v1\/categories\/61"}}],"tags":[],"venue":{"id":4888,"author":"2","status":"publish","date":"2021-06-03 08:58:43","date_utc":"2021-06-03 06:58:43","modified":"2021-06-03 08:58:43","modified_utc":"2021-06-03 06:58:43","url":"https:\/\/www.musedolomiti.it\/en\/venue\/santuario-dei-ss-vittore-e-corona-a-feltre\/","venue":"Santuario dei Ss. Vittore e Corona a Feltre","slug":"santuario-dei-ss-vittore-e-corona-a-feltre","address":"Localit\u00e0 Anz\u00f9","city":"Feltre","country":"Italia","province":"BL","zip":"32032","stateprovince":"BL","json_ld":{"@type":"Place","name":"Santuario dei Ss. Vittore e Corona a Feltre","description":"","url":"https:\/\/www.musedolomiti.it\/en\/venue\/santuario-dei-ss-vittore-e-corona-a-feltre\/","address":{"@type":"PostalAddress","streetAddress":"Localit\u00e0 Anz\u00f9","addressLocality":"Feltre","addressRegion":"BL","postalCode":"32032","addressCountry":"Italia"},"telephone":"","sameAs":""},"show_map":false,"show_map_link":true,"global_id":"www.musedolomiti.it\/en\/?id=4888","global_id_lineage":["www.musedolomiti.it\/en\/?id=4888"]},"organizer":[{"id":3350,"author":"1","status":"publish","date":"2018-06-26 22:23:33","date_utc":"2018-06-26 20:23:33","modified":"2025-07-09 00:15:48","modified_utc":"2025-07-08 22:15:48","url":"https:\/\/www.musedolomiti.it\/en\/organizer\/le-muse-e-le-dolomiti\/","organizer":"Associazione Culturale \u201cLe Muse e le Dolomiti\u201d","slug":"le-muse-e-le-dolomiti","website":"http:\/\/www.musedolomiti.it","email":"organizzazione@musedolomiti.it","json_ld":{"@type":"Person","name":"Associazione Culturale \u201cLe Muse e le Dolomiti\u201d","description":"","url":"http:\/\/www.musedolomiti.it","telephone":"","email":"&#111;&#114;&#103;an&#105;&#122;&#122;&#97;&#122;io&#110;e&#64;&#109;&#117;se&#100;&#111;&#108;&#111;&#109;&#105;&#116;&#105;&#46;it","sameAs":"http:\/\/www.musedolomiti.it"},"global_id":"www.musedolomiti.it\/en\/?id=3350","global_id_lineage":["www.musedolomiti.it\/en\/?id=3350"]},{"id":4893,"author":"2","status":"publish","date":"2021-06-03 09:12:00","date_utc":"2021-06-03 07:12:00","modified":"2021-06-03 09:12:00","modified_utc":"2021-06-03 07:12:00","url":"https:\/\/www.musedolomiti.it\/en\/organizer\/centro-studi-claviere\/","organizer":"Centro Studi Claviere","slug":"centro-studi-claviere","website":"http:\/\/www.centrostudiclaviere.it\/eventi\/la-via-al-santuario\/","json_ld":{"@type":"Person","name":"Centro Studi Claviere","description":"","url":"http:\/\/www.centrostudiclaviere.it\/eventi\/la-via-al-santuario\/","telephone":"","email":"","sameAs":"http:\/\/www.centrostudiclaviere.it\/eventi\/la-via-al-santuario\/"},"global_id":"www.musedolomiti.it\/en\/?id=4893","global_id_lineage":["www.musedolomiti.it\/en\/?id=4893"]}],"custom_fields":[],"json_ld":{"@context":"http:\/\/schema.org","@type":"Event","name":"IX Edizione 2021 &#8211; Il Caleidoscopio Ensemble","description":"&lt;p&gt;Domenica 11 Giugno 2021, ore 18 | Chiostro del Santuario dei Ss. Vittore e Corona a Feltre |\u00a0 INGRESSO LIBERO Concerto in collaborazione con &quot;La Via al Santuario -\u00a0Itinerario musicale,... &lt;\/p&gt;\\n&lt;div class=&quot;clear&quot;&gt;&lt;\/div&gt;\\n&lt;p&gt;&lt;a href=&quot;https:\/\/www.musedolomiti.it\/en\/evento\/ix-edizione-2021-caleidoscopio-feltre\/&quot; class=&quot;gdlr-button with-border excerpt-read-more&quot;&gt;Read More&lt;\/a&gt;&lt;\/p&gt;\\n","image":"https:\/\/www.musedolomiti.it\/wp-content\/uploads\/2021\/06\/caleidoscopio21.jpg","url":"https:\/\/www.musedolomiti.it\/en\/evento\/ix-edizione-2021-caleidoscopio-feltre\/","eventAttendanceMode":"https:\/\/schema.org\/OfflineEventAttendanceMode","eventStatus":"https:\/\/schema.org\/EventScheduled","startDate":"2021-07-11T18:00:00+02:00","endDate":"2021-07-11T18:00:00+02:00","location":{"@type":"Place","name":"Santuario dei Ss. Vittore e Corona a Feltre","description":"","url":"https:\/\/www.musedolomiti.it\/en\/venue\/santuario-dei-ss-vittore-e-corona-a-feltre\/","address":{"@type":"PostalAddress","streetAddress":"Localit\u00e0 Anz\u00f9","addressLocality":"Feltre","addressRegion":"BL","postalCode":"32032","addressCountry":"Italia"},"telephone":"","sameAs":""},"organizer":{"@type":"Person","name":"Associazione Culturale \u201cLe Muse e le Dolomiti\u201d","description":"","url":"http:\/\/www.musedolomiti.it","telephone":"","email":"or&#103;&#97;&#110;iz&#122;&#97;&#122;ione&#64;&#109;u&#115;edol&#111;&#109;i&#116;i.&#105;t","sameAs":"http:\/\/www.musedolomiti.it"},"performer":"Organization"}}