{"id":5360,"global_id":"www.musedolomiti.it\/en\/?id=5360","global_id_lineage":["www.musedolomiti.it\/en\/?id=5360"],"author":"2","status":"publish","date":"2022-06-30 20:56:23","date_utc":"2022-06-30 18:56:23","modified":"2022-07-03 21:39:31","modified_utc":"2022-07-03 19:39:31","url":"https:\/\/www.musedolomiti.it\/en\/evento\/x-edizione-2022-dietro-le-quinte\/","rest_url":"https:\/\/www.musedolomiti.it\/en\/wp-json\/tribe\/events\/v1\/events\/5360","title":"DECENNALE X Edizione 2022 &#8211; Dietro le Quinte","description":"<h5 class=\"p1\"><span class=\"s1\">Domenica 17 &#8211; Gioved\u00ec 28 Luglio 2022 | Scuola Primaria &#8220;Padre Felice Cappello&#8221;, Falcade |<span class=\"Apple-converted-space\">\u00a0 <\/span>INGRESSO LIBERO<\/span><\/h5>\n<hr \/>\n<p><b>Masterclass Internazionale di Canto Lirico, tenuta dalla Maestra<\/b><b><sup>\u00a0<\/sup><\/b><b>Tabiadon e dal Maestro<\/b><b><sup>\u00a0<\/sup><\/b><b>Peverada. Le lezioni della mattina e del pomeriggio sono aperte al pubblico gratuitamente.<br \/>\n<\/b><b>Per info chiamare 340 230 5439.<\/b><\/p>\n<p>Finalmente, dopo due anni di sospensione dovuti alla pandemia, torna uno dei nostri eventi preferiti: il nostro <strong>&#8220;Dietro le Quinte&#8221;<\/strong>, evento\u00a0legato alla <b>Masterclass Internazionale \u201cOpera, Liederistica e Musica Sacra\u201d <\/b>tenuta dal soprano <b>Adelisa Tabiadon<\/b> e dal pianista\/maestro di repertorio <b>Loris Peverada.<\/b><\/p>\n<p>Adelisa Tabiadon, le cui origini familiari sono a Tabiadon di Val, frazione del Comune di Falcade, \u00e8 un famoso soprano lirico-spinto. Ha cantato nei teatri pi\u00f9 importanti d&#8217;Italia e del mondo, interpretando i ruoli principali del repertorio verdiano, sempre a fianco di artisti importanti come Luciano Pavarotti, Leo Nucci, Riccardo Chailly e molti altri. Adelisa Tabiadon insegna presso la Scuola Civica \u201cC. Abbado\u201d di Milano e il Conservatorio \u201cG. Nicolini\u201d di Piacenza ed \u00e8 insegnante della Masterclass Internazionale dal 2013, anno di inizio del progetto.<\/p>\n<p>Loris Peverada \u00e8 pianista e maestro collaboratore di esperienza trentennale nel mondo della lirica, ha collaborato con artisti del pi\u00f9 alto livello e con numerosi teatri ed enti importanti, come quelli di Macerata, Montepulciano, L\u2019Aquila, Trieste, Nizza, Lugano oltre alla Radio della Svizzera Italiana.<\/p>\n<p>La decima edizione della masterclass prevede la presenza di ben 15 cantanti internazionali provenienti dagli Stati Uniti (California), dalla Cina, dal Giappone, dalla Corea del Sud e dall&#8217;Italia. Tra i partecipanti una giovane cantante della Val di Fassa che, anche grazie all\u2019offerta formativa de Le Muse e le Dolomiti, ha trovato la sua strada alla Scuola Civica \u201cClaudio Abbado\u201d di Milano, dove attualmente studia con la Maestra Tabiadon.<\/p>\n<p>Nel periodo 17-28 Luglio, i maestri Adelisa e Loris terranno le lezioni di canto presso la Scuola Primaria \u201cPadre Felice Cappello\u201d in Via Marmolada, Falcade, <strong>con esclusione del 23 Luglio, causa concerto!<br \/>\nOrari: tutti giorni (escluso il 23 luglio) dalle 09:30 alle 12.30 e dalle 14 alle 18:30.<br \/>\n<\/strong><\/p>\n<p>Le lezioni saranno aperte, sempre in forma gratuita, al pubblico, che potr\u00e0 cos\u00ec scoprire il lavoro dietro le quinte: non \u00e8 solo talento che porta al palcoscenico!<span class=\"Apple-converted-space\">\u00a0<\/span><\/p>\n<p>Per ulteriori informazioni, rivolgersi al 340 230 5439.<\/p>\n<p><em>Le Muse e le Dolomiti ringrazia:<\/em><br \/>\n<i>Comune di Falcade, Istituto comprensivo di Cencenighe<\/i><\/p>","excerpt":"","slug":"x-edizione-2022-dietro-le-quinte","image":{"url":"https:\/\/www.musedolomiti.it\/wp-content\/uploads\/2018\/06\/3_DIETROLEQUINTE.jpg","id":3841,"extension":"jpg","width":1800,"height":1200,"sizes":{"thumbnail":{"width":150,"height":150,"mime-type":"image\/jpeg","url":"https:\/\/www.musedolomiti.it\/wp-content\/uploads\/2018\/06\/3_DIETROLEQUINTE-150x150.jpg"},"medium":{"width":300,"height":200,"mime-type":"image\/jpeg","url":"https:\/\/www.musedolomiti.it\/wp-content\/uploads\/2018\/06\/3_DIETROLEQUINTE-300x200.jpg"},"medium_large":{"width":768,"height":512,"mime-type":"image\/jpeg","url":"https:\/\/www.musedolomiti.it\/wp-content\/uploads\/2018\/06\/3_DIETROLEQUINTE-768x512.jpg"},"large":{"width":1024,"height":683,"mime-type":"image\/jpeg","url":"https:\/\/www.musedolomiti.it\/wp-content\/uploads\/2018\/06\/3_DIETROLEQUINTE-1024x683.jpg"},"post-thumbnail-size":{"width":750,"height":330,"mime-type":"image\/jpeg","url":"https:\/\/www.musedolomiti.it\/wp-content\/uploads\/2018\/06\/3_DIETROLEQUINTE-750x330.jpg"},"round-personnel-size":{"width":400,"height":400,"mime-type":"image\/jpeg","url":"https:\/\/www.musedolomiti.it\/wp-content\/uploads\/2018\/06\/3_DIETROLEQUINTE-400x400.jpg"},"small-grid-size":{"width":400,"height":300,"mime-type":"image\/jpeg","url":"https:\/\/www.musedolomiti.it\/wp-content\/uploads\/2018\/06\/3_DIETROLEQUINTE-400x300.jpg"},"portrait":{"width":440,"height":550,"mime-type":"image\/jpeg","url":"https:\/\/www.musedolomiti.it\/wp-content\/uploads\/2018\/06\/3_DIETROLEQUINTE-440x550.jpg"},"post-slider-side":{"width":750,"height":330,"mime-type":"image\/jpeg","url":"https:\/\/www.musedolomiti.it\/wp-content\/uploads\/2018\/06\/3_DIETROLEQUINTE-750x330.jpg"},"full-slider":{"width":980,"height":380,"mime-type":"image\/jpeg","url":"https:\/\/www.musedolomiti.it\/wp-content\/uploads\/2018\/06\/3_DIETROLEQUINTE-980x380.jpg"},"portfolio-portrait":{"width":500,"height":550,"mime-type":"image\/jpeg","url":"https:\/\/www.musedolomiti.it\/wp-content\/uploads\/2018\/06\/3_DIETROLEQUINTE-500x550.jpg"},"blog-grid":{"width":700,"height":400,"mime-type":"image\/jpeg","url":"https:\/\/www.musedolomiti.it\/wp-content\/uploads\/2018\/06\/3_DIETROLEQUINTE-700x400.jpg"}}},"all_day":true,"start_date":"2022-07-17 00:00:00","start_date_details":{"year":"2022","month":"07","day":"17","hour":"00","minutes":"00","seconds":"00"},"end_date":"2022-07-28 23:59:59","end_date_details":{"year":"2022","month":"07","day":"28","hour":"23","minutes":"59","seconds":"59"},"utc_start_date":"2022-07-16 22:00:00","utc_start_date_details":{"year":"2022","month":"07","day":"16","hour":"22","minutes":"00","seconds":"00"},"utc_end_date":"2022-07-28 21:59:59","utc_end_date_details":{"year":"2022","month":"07","day":"28","hour":"21","minutes":"59","seconds":"59"},"timezone":"Europe\/Rome","timezone_abbr":"CEST","cost":"","cost_details":{"currency_symbol":"","currency_code":"","currency_position":"suffix","values":[]},"website":"","show_map":false,"show_map_link":true,"hide_from_listings":false,"sticky":false,"featured":false,"categories":[{"name":"DECENNALE X Edizione 2022","slug":"decennale","term_group":0,"term_taxonomy_id":76,"taxonomy":"tribe_events_cat","description":"","parent":61,"count":16,"filter":"raw","id":76,"urls":{"self":"https:\/\/www.musedolomiti.it\/en\/wp-json\/tribe\/events\/v1\/categories\/76","collection":"https:\/\/www.musedolomiti.it\/en\/wp-json\/tribe\/events\/v1\/categories","up":"https:\/\/www.musedolomiti.it\/en\/wp-json\/tribe\/events\/v1\/categories\/61"}}],"tags":[],"venue":{"id":3422,"author":"1","status":"publish","date":"2018-06-29 06:30:35","date_utc":"2018-06-29 04:30:35","modified":"2018-06-29 06:30:35","modified_utc":"2018-06-29 04:30:35","url":"https:\/\/www.musedolomiti.it\/en\/venue\/scuola-primaria-padre-felice-cappello-di-falcade\/","venue":"Scuola Primaria &#8220;Padre Felice Cappello&#8221; di Falcade","slug":"scuola-primaria-padre-felice-cappello-di-falcade","address":"Via Marmolada, 37","city":"Falcade","country":"Italia","province":"BL","zip":"32020","stateprovince":"BL","geo_lat":46.3638499999999993406163412146270275115966796875,"geo_lng":11.885040000000000048885340220294892787933349609375,"json_ld":{"@type":"Place","name":"Scuola Primaria &#8220;Padre Felice Cappello&#8221; di Falcade","description":"","url":"https:\/\/www.musedolomiti.it\/en\/venue\/scuola-primaria-padre-felice-cappello-di-falcade\/","address":{"@type":"PostalAddress","streetAddress":"Via Marmolada, 37","addressLocality":"Falcade","addressRegion":"BL","postalCode":"32020","addressCountry":"Italia"},"geo":{"@type":"GeoCoordinates","latitude":46.3638499999999993406163412146270275115966796875,"longitude":11.885040000000000048885340220294892787933349609375},"telephone":"","sameAs":""},"show_map":false,"show_map_link":true,"global_id":"www.musedolomiti.it\/en\/?id=3422","global_id_lineage":["www.musedolomiti.it\/en\/?id=3422"]},"organizer":[{"id":3350,"author":"1","status":"publish","date":"2018-06-26 22:23:33","date_utc":"2018-06-26 20:23:33","modified":"2025-07-09 00:15:48","modified_utc":"2025-07-08 22:15:48","url":"https:\/\/www.musedolomiti.it\/en\/organizer\/le-muse-e-le-dolomiti\/","organizer":"Associazione Culturale \u201cLe Muse e le Dolomiti\u201d","slug":"le-muse-e-le-dolomiti","website":"http:\/\/www.musedolomiti.it","email":"organizzazione@musedolomiti.it","json_ld":{"@type":"Person","name":"Associazione Culturale \u201cLe Muse e le Dolomiti\u201d","description":"","url":"http:\/\/www.musedolomiti.it","telephone":"","email":"&#111;&#114;&#103;a&#110;&#105;z&#122;az&#105;&#111;&#110;e&#64;mus&#101;&#100;&#111;l&#111;m&#105;ti&#46;it","sameAs":"http:\/\/www.musedolomiti.it"},"global_id":"www.musedolomiti.it\/en\/?id=3350","global_id_lineage":["www.musedolomiti.it\/en\/?id=3350"]}],"custom_fields":[],"json_ld":{"@context":"http:\/\/schema.org","@type":"Event","name":"DECENNALE X Edizione 2022 &#8211; Dietro le Quinte","description":"&lt;p&gt;Domenica 17 - Gioved\u00ec 28 Luglio 2022 | Scuola Primaria &quot;Padre Felice Cappello&quot;, Falcade |\u00a0 INGRESSO LIBERO Masterclass Internazionale di Canto Lirico, tenuta dalla Maestra\u00a0Tabiadon e dal Maestro\u00a0Peverada. Le lezioni... &lt;\/p&gt;\\n&lt;div class=&quot;clear&quot;&gt;&lt;\/div&gt;\\n&lt;p&gt;&lt;a href=&quot;https:\/\/www.musedolomiti.it\/en\/evento\/x-edizione-2022-dietro-le-quinte\/&quot; class=&quot;gdlr-button with-border excerpt-read-more&quot;&gt;Read More&lt;\/a&gt;&lt;\/p&gt;\\n","image":"https:\/\/www.musedolomiti.it\/wp-content\/uploads\/2018\/06\/3_DIETROLEQUINTE.jpg","url":"https:\/\/www.musedolomiti.it\/en\/evento\/x-edizione-2022-dietro-le-quinte\/","eventAttendanceMode":"https:\/\/schema.org\/OfflineEventAttendanceMode","eventStatus":"https:\/\/schema.org\/EventScheduled","startDate":"2022-07-17T00:00:00+02:00","endDate":"2022-07-28T23:59:59+02:00","location":{"@type":"Place","name":"Scuola Primaria &#8220;Padre Felice Cappello&#8221; di Falcade","description":"","url":"https:\/\/www.musedolomiti.it\/en\/venue\/scuola-primaria-padre-felice-cappello-di-falcade\/","address":{"@type":"PostalAddress","streetAddress":"Via Marmolada, 37","addressLocality":"Falcade","addressRegion":"BL","postalCode":"32020","addressCountry":"Italia"},"geo":{"@type":"GeoCoordinates","latitude":46.3638499999999993406163412146270275115966796875,"longitude":11.885040000000000048885340220294892787933349609375},"telephone":"","sameAs":""},"organizer":{"@type":"Person","name":"Associazione Culturale \u201cLe Muse e le Dolomiti\u201d","description":"","url":"http:\/\/www.musedolomiti.it","telephone":"","email":"o&#114;&#103;&#97;&#110;i&#122;&#122;&#97;&#122;&#105;&#111;&#110;e&#64;m&#117;&#115;e&#100;o&#108;&#111;mi&#116;&#105;.i&#116;","sameAs":"http:\/\/www.musedolomiti.it"},"performer":"Organization"}}