{"id":6238,"global_id":"www.musedolomiti.it\/en\/?id=6238","global_id_lineage":["www.musedolomiti.it\/en\/?id=6238"],"author":"2","status":"publish","date":"2023-10-21 16:21:39","date_utc":"2023-10-21 14:21:39","modified":"2023-10-21 17:23:12","modified_utc":"2023-10-21 15:23:12","url":"https:\/\/www.musedolomiti.it\/en\/evento\/dolomiticoro\/","rest_url":"https:\/\/www.musedolomiti.it\/en\/wp-json\/tribe\/events\/v1\/events\/6238","title":"Dolomiti in Coro","description":"<h5 class=\"p1\"><span class=\"s1\">Venerd\u00ec 27 Ottobre 2023, ore 20:30 | Chiesa di San Pietro a Belluno |<span class=\"Apple-converted-space\">\u00a0 <\/span>INGRESSO LIBERO<\/span><\/h5>\n<hr \/>\n<p>La serata rappresenta una super-opportunit\u00e0 per i ragazzi e per le ragazze della nostra Scuola Interregionale di Canto e Teatro e inoltre&#8230;. per voi, il nostro il pubblico!<\/p>\n<p>Ospite d&#8217;onore del concerto \u00e8 il &#8220;Cantemus Boys Choir&#8221; diretto dal Maestro Soma Szab\u00f3, coro proveniente dall&#8217;Ungheria e composto da circa 50 bambini e ragazzi (tutti voci maschili) tra i 10 e i 18 anni.<\/p>\n<p>Il Cantemus Boys Choir \u00e8 un coro scolastico, eccellente esemplare del livello che raggiungono le scuole d&#8217;obbligo con indirizzo musicale &#8220;Zolt\u00e1n Kod\u00e1ly&#8221; in Ungheria. Kod\u00e1ly, uno dei migliori compositori corali del ventesimo secolo, cre\u00f2 un metodo infallibile per lo sviluppo dell&#8217;intonazione della voce bianca. Il suo metodo \u00e8 tuttora usato e rinomato nel mondo intero. Infatti, anche la nostra Scuola interregionale di Canto e Teatro fa uso di questo metodo di &#8220;solfeggio cantato con il do mobile&#8221;.<\/p>\n<p>Il direttore, Soma Szab\u00f3, oltre a svolgere il suo importante lavoro formativo, dirige vari complessi professionali e conta tra i migliori direttori di coro nel mondo. Maggiori informazioni in merito alla Scuola Kod\u00e1ly &#8220;Cantemus Choral Institute&#8221;, a Ny\u00edregyh\u00e1za, Ungheria, si trovano <a href=\"https:\/\/cantemus.org.hu\" target=\"_blank\" rel=\"noopener\">cliccando qui<\/a>.<\/p>\n<p>Un onore davvero, poterci esibire a fianco di una realt\u00e0 internazionale di tale rilievo! Ringraziamo di cuore\u00a0la Consulta <a href=\"https:\/\/www.asac-cori.it\" target=\"_blank\" rel=\"noopener\">ASAC di Belluno<\/a>\u00a0che ci ha invitato assieme al Coro Femminile &#8220;Nova Cantica&#8221; di Belluno, diretto dal Maestro Luciano Borin. La serata fa parte della Rassegna biennale &#8220;Dolomiti in Coro&#8221;.<\/p>\n<p>Per ulteriori informazioni vedi la locandina di seguito!<\/p>\n<p><a href=\"https:\/\/www.musedolomiti.it\/wp-content\/uploads\/2023\/10\/DolomitiInCoro_27102023.jpeg\"><img loading=\"lazy\" decoding=\"async\" class=\"alignleft size-large wp-image-6242\" src=\"https:\/\/www.musedolomiti.it\/wp-content\/uploads\/2023\/10\/DolomitiInCoro_27102023-724x1024.jpeg\" alt=\"\" width=\"724\" height=\"1024\" srcset=\"https:\/\/www.musedolomiti.it\/wp-content\/uploads\/2023\/10\/DolomitiInCoro_27102023-724x1024.jpeg 724w, https:\/\/www.musedolomiti.it\/wp-content\/uploads\/2023\/10\/DolomitiInCoro_27102023-212x300.jpeg 212w, https:\/\/www.musedolomiti.it\/wp-content\/uploads\/2023\/10\/DolomitiInCoro_27102023-768x1086.jpeg 768w, https:\/\/www.musedolomiti.it\/wp-content\/uploads\/2023\/10\/DolomitiInCoro_27102023-1086x1536.jpeg 1086w, https:\/\/www.musedolomiti.it\/wp-content\/uploads\/2023\/10\/DolomitiInCoro_27102023.jpeg 1131w\" sizes=\"auto, (max-width: 724px) 100vw, 724px\" \/><\/a><\/p>\n<p>&nbsp;<\/p>\n<p>&nbsp;<\/p>","excerpt":"","slug":"dolomiticoro","image":{"url":"https:\/\/www.musedolomiti.it\/wp-content\/uploads\/2020\/02\/2023_08_12_in_paradisum_carano_039.jpeg","id":6248,"extension":"jpeg","width":1280,"height":855,"filesize":435708,"sizes":{"medium":{"width":300,"height":200,"mime-type":"image\/jpeg","filesize":18344,"url":"https:\/\/www.musedolomiti.it\/wp-content\/uploads\/2020\/02\/2023_08_12_in_paradisum_carano_039-300x200.jpeg"},"large":{"width":1024,"height":684,"mime-type":"image\/jpeg","filesize":136032,"url":"https:\/\/www.musedolomiti.it\/wp-content\/uploads\/2020\/02\/2023_08_12_in_paradisum_carano_039-1024x684.jpeg"},"thumbnail":{"width":150,"height":150,"mime-type":"image\/jpeg","filesize":8157,"url":"https:\/\/www.musedolomiti.it\/wp-content\/uploads\/2020\/02\/2023_08_12_in_paradisum_carano_039-150x150.jpeg"},"medium_large":{"width":768,"height":513,"mime-type":"image\/jpeg","filesize":86029,"url":"https:\/\/www.musedolomiti.it\/wp-content\/uploads\/2020\/02\/2023_08_12_in_paradisum_carano_039-768x513.jpeg"},"post-thumbnail-size":{"width":750,"height":330,"mime-type":"image\/jpeg","filesize":58371,"url":"https:\/\/www.musedolomiti.it\/wp-content\/uploads\/2020\/02\/2023_08_12_in_paradisum_carano_039-750x330.jpeg"},"round-personnel-size":{"width":400,"height":400,"mime-type":"image\/jpeg","filesize":38380,"url":"https:\/\/www.musedolomiti.it\/wp-content\/uploads\/2020\/02\/2023_08_12_in_paradisum_carano_039-400x400.jpeg"},"small-grid-size":{"width":400,"height":300,"mime-type":"image\/jpeg","filesize":32412,"url":"https:\/\/www.musedolomiti.it\/wp-content\/uploads\/2020\/02\/2023_08_12_in_paradisum_carano_039-400x300.jpeg"},"portrait":{"width":440,"height":550,"mime-type":"image\/jpeg","filesize":51186,"url":"https:\/\/www.musedolomiti.it\/wp-content\/uploads\/2020\/02\/2023_08_12_in_paradisum_carano_039-440x550.jpeg"},"post-slider-side":{"width":750,"height":330,"mime-type":"image\/jpeg","filesize":58371,"url":"https:\/\/www.musedolomiti.it\/wp-content\/uploads\/2020\/02\/2023_08_12_in_paradisum_carano_039-750x330.jpeg"},"full-slider":{"width":980,"height":380,"mime-type":"image\/jpeg","filesize":80930,"url":"https:\/\/www.musedolomiti.it\/wp-content\/uploads\/2020\/02\/2023_08_12_in_paradisum_carano_039-980x380.jpeg"},"portfolio-portrait":{"width":500,"height":550,"mime-type":"image\/jpeg","filesize":58144,"url":"https:\/\/www.musedolomiti.it\/wp-content\/uploads\/2020\/02\/2023_08_12_in_paradisum_carano_039-500x550.jpeg"},"blog-grid":{"width":700,"height":400,"mime-type":"image\/jpeg","filesize":64826,"url":"https:\/\/www.musedolomiti.it\/wp-content\/uploads\/2020\/02\/2023_08_12_in_paradisum_carano_039-700x400.jpeg"}}},"all_day":false,"start_date":"2023-10-27 20:30:00","start_date_details":{"year":"2023","month":"10","day":"27","hour":"20","minutes":"30","seconds":"00"},"end_date":"2023-10-27 20:30:00","end_date_details":{"year":"2023","month":"10","day":"27","hour":"20","minutes":"30","seconds":"00"},"utc_start_date":"2023-10-27 18:30:00","utc_start_date_details":{"year":"2023","month":"10","day":"27","hour":"18","minutes":"30","seconds":"00"},"utc_end_date":"2023-10-27 18:30:00","utc_end_date_details":{"year":"2023","month":"10","day":"27","hour":"18","minutes":"30","seconds":"00"},"timezone":"Europe\/Rome","timezone_abbr":"CEST","cost":"Ingresso Libero","cost_details":{"currency_symbol":"","currency_code":"","currency_position":"suffix","values":["ingresso-libero"]},"website":"","show_map":false,"show_map_link":true,"hide_from_listings":false,"sticky":false,"featured":false,"categories":[{"name":"XI Edizione 2023","slug":"xi-edizione-2023","term_group":0,"term_taxonomy_id":77,"taxonomy":"tribe_events_cat","description":"","parent":61,"count":13,"filter":"raw","id":77,"urls":{"self":"https:\/\/www.musedolomiti.it\/en\/wp-json\/tribe\/events\/v1\/categories\/77","collection":"https:\/\/www.musedolomiti.it\/en\/wp-json\/tribe\/events\/v1\/categories","up":"https:\/\/www.musedolomiti.it\/en\/wp-json\/tribe\/events\/v1\/categories\/61"}}],"tags":[],"venue":{"id":5756,"author":"2","status":"publish","date":"2022-10-16 10:33:50","date_utc":"2022-10-16 08:33:50","modified":"2022-10-16 10:33:50","modified_utc":"2022-10-16 08:33:50","url":"https:\/\/www.musedolomiti.it\/en\/venue\/chiesa-di-san-pietro-belluno\/","venue":"Chiesa di San Pietro, Belluno","slug":"chiesa-di-san-pietro-belluno","address":"Via S. Pietro","city":"Belluno","country":"Italia","zip":"32100","json_ld":{"@type":"Place","name":"Chiesa di San Pietro, Belluno","description":"","url":"https:\/\/www.musedolomiti.it\/en\/venue\/chiesa-di-san-pietro-belluno\/","address":{"@type":"PostalAddress","streetAddress":"Via S. Pietro","addressLocality":"Belluno","postalCode":"32100","addressCountry":"Italia"},"telephone":"","sameAs":""},"show_map":false,"show_map_link":true,"global_id":"www.musedolomiti.it\/en\/?id=5756","global_id_lineage":["www.musedolomiti.it\/en\/?id=5756"]},"organizer":[{"id":3350,"author":"1","status":"publish","date":"2018-06-26 22:23:33","date_utc":"2018-06-26 20:23:33","modified":"2025-07-09 00:15:48","modified_utc":"2025-07-08 22:15:48","url":"https:\/\/www.musedolomiti.it\/en\/organizer\/le-muse-e-le-dolomiti\/","organizer":"Associazione Culturale \u201cLe Muse e le Dolomiti\u201d","slug":"le-muse-e-le-dolomiti","website":"http:\/\/www.musedolomiti.it","email":"organizzazione@musedolomiti.it","json_ld":{"@type":"Person","name":"Associazione Culturale \u201cLe Muse e le Dolomiti\u201d","description":"","url":"http:\/\/www.musedolomiti.it","telephone":"","email":"&#111;&#114;ganiz&#122;&#97;&#122;&#105;&#111;ne&#64;&#109;us&#101;&#100;&#111;&#108;omi&#116;&#105;.i&#116;","sameAs":"http:\/\/www.musedolomiti.it"},"global_id":"www.musedolomiti.it\/en\/?id=3350","global_id_lineage":["www.musedolomiti.it\/en\/?id=3350"]},{"id":5755,"author":"2","status":"publish","date":"2022-10-16 10:32:03","date_utc":"2022-10-16 08:32:03","modified":"2022-10-16 15:56:04","modified_utc":"2022-10-16 13:56:04","url":"https:\/\/www.musedolomiti.it\/en\/organizer\/asac\/","organizer":"ASAC Veneto &#8211; Associazione per lo Sviluppo Attivit\u00e0 Corali","slug":"asac","website":"https:\/\/www.asac-cori.it\/it\/","json_ld":{"@type":"Person","name":"ASAC Veneto &#8211; Associazione per lo Sviluppo Attivit\u00e0 Corali","description":"","url":"https:\/\/www.asac-cori.it\/it\/","telephone":"","email":"","sameAs":"https:\/\/www.asac-cori.it\/it\/"},"global_id":"www.musedolomiti.it\/en\/?id=5755","global_id_lineage":["www.musedolomiti.it\/en\/?id=5755"]}],"custom_fields":[],"json_ld":{"@context":"http:\/\/schema.org","@type":"Event","name":"Dolomiti in Coro","description":"&lt;p&gt;Venerd\u00ec 27 Ottobre 2023, ore 20:30 | Chiesa di San Pietro a Belluno |\u00a0 INGRESSO LIBERO La serata rappresenta una super-opportunit\u00e0 per i ragazzi e per le ragazze della nostra... &lt;\/p&gt;\\n&lt;div class=&quot;clear&quot;&gt;&lt;\/div&gt;\\n&lt;p&gt;&lt;a href=&quot;https:\/\/www.musedolomiti.it\/en\/evento\/dolomiticoro\/&quot; class=&quot;gdlr-button with-border excerpt-read-more&quot;&gt;Read More&lt;\/a&gt;&lt;\/p&gt;\\n","image":"https:\/\/www.musedolomiti.it\/wp-content\/uploads\/2020\/02\/2023_08_12_in_paradisum_carano_039.jpeg","url":"https:\/\/www.musedolomiti.it\/en\/evento\/dolomiticoro\/","eventAttendanceMode":"https:\/\/schema.org\/OfflineEventAttendanceMode","eventStatus":"https:\/\/schema.org\/EventScheduled","startDate":"2023-10-27T20:30:00+02:00","endDate":"2023-10-27T20:30:00+02:00","location":{"@type":"Place","name":"Chiesa di San Pietro, Belluno","description":"","url":"https:\/\/www.musedolomiti.it\/en\/venue\/chiesa-di-san-pietro-belluno\/","address":{"@type":"PostalAddress","streetAddress":"Via S. Pietro","addressLocality":"Belluno","postalCode":"32100","addressCountry":"Italia"},"telephone":"","sameAs":""},"organizer":{"@type":"Person","name":"Associazione Culturale \u201cLe Muse e le Dolomiti\u201d","description":"","url":"http:\/\/www.musedolomiti.it","telephone":"","email":"or&#103;&#97;n&#105;zza&#122;ione&#64;mu&#115;e&#100;&#111;&#108;o&#109;i&#116;&#105;.it","sameAs":"http:\/\/www.musedolomiti.it"},"offers":{"@type":"Offer","price":"Ingresso Libero","priceCurrency":"USD","url":"https:\/\/www.musedolomiti.it\/en\/evento\/dolomiticoro\/","category":"primary","availability":"inStock","validFrom":"2023-10-21T00:00:00+00:00"},"performer":"Organization"}}