{"id":6757,"global_id":"www.musedolomiti.it\/en\/?id=6757","global_id_lineage":["www.musedolomiti.it\/en\/?id=6757"],"author":"2","status":"publish","date":"2025-07-08 22:30:10","date_utc":"2025-07-08 20:30:10","modified":"2025-07-09 13:27:04","modified_utc":"2025-07-09 11:27:04","url":"https:\/\/www.musedolomiti.it\/en\/evento\/dietro-le-quinte-2025\/","rest_url":"https:\/\/www.musedolomiti.it\/en\/wp-json\/tribe\/events\/v1\/events\/6757","title":"Dietro le Quinte","description":"<h5 class=\"p1\"><span class=\"s1\">Marted\u00ec 15 &#8211; Gioved\u00ec 24 Luglio 2025 | Scuola Primaria &#8220;Padre Felice Cappello&#8221;, Falcade |<span class=\"Apple-converted-space\">\u00a0 <\/span>INGRESSO LIBERO<\/span><\/h5>\n<hr \/>\n<p>Vi aspettiamo numerosi ad uno dei nostri eventi chiave&#8230;.: <strong>&#8220;Dietro le Quinte&#8221;!<\/strong><\/p>\n<p>Dal 2013, l&#8217;evento \u00e8 legato alla <b>Masterclass Internazionale \u201cOpera, Liederistica e Musica Sacra\u201d <\/b>tenuta dal soprano <b>Adelisa Tabiadon<\/b> e dal pianista\/maestro di repertorio <b>Loris Peverada.\u00a0<\/b><\/p>\n<p>Adelisa Tabiadon, le cui origini familiari sono a Tabiadon di Val, frazione del Comune di Falcade, \u00e8 un famoso soprano lirico-spinto. Ha cantato nei teatri pi\u00f9 importanti d&#8217;Italia e del mondo, interpretando i ruoli principali del repertorio verdiano, sempre a fianco di artisti importanti come Luciano Pavarotti, Leo Nucci, Riccardo Chailly e molti altri. Adelisa Tabiadon insegna presso la Scuola Civica \u201cC. Abbado\u201d di Milano ed \u00e8 insegnante della Masterclass Internazionale dal 2013, anno di inizio del progetto.<\/p>\n<p>Loris Peverada \u00e8 pianista e maestro collaboratore di esperienza trentennale nel mondo della lirica, ha collaborato con artisti del pi\u00f9 alto livello e con numerosi teatri ed enti importanti, come quelli di Macerata, Montepulciano, L\u2019Aquila, Trieste, Nizza, Lugano oltre alla Radio della Svizzera Italiana.<\/p>\n<p>La tredicesima edizione della masterclass di lirica prevede la presenza di 15 cantanti internazionali provenienti dalla Cina, dall&#8217;Italia e dalla Francia.<\/p>\n<p><strong>Le lezioni saranno aperte, sempre in forma gratuita, al pubblico, che potr\u00e0 cos\u00ec scoprire il lavoro dietro le quinte: non \u00e8 solo talento che porta al palcoscenico!<\/strong><\/p>\n<p>Molti hanno gi\u00e0 usufruito di questa possibilit\u00e0 di vedere dal vivo l&#8217;allenamento di un professionista dello spettacolo lirico&#8230;. e sarete le benvenute e i benvenuti anche quest&#8217;anno, in orari che decidete voi e per una durata che decidete voi. Sono benvenuti tutti, grandi e piccoli. Basta entrare nella Scuola Elementare&#8230;. e seguire il suono della voce per trovare l&#8217;aula giusta, quella dei Maestri!<\/p>\n<p><strong>Le lezioni di canto lirico si terranno dal 15 al 24 luglio 2024 con orari dalle 09:30 alle 12.30 e dalle 14 alle 18:30. <\/strong><\/p>\n<p><strong>Segnaliamo che gli orari potrebbero variare il giorno 21 luglio, causa concerto serale a San Simon (vedasi il nostro calendario).<br \/>\n<\/strong><\/p>\n<p><b>Vi invitiamo a chiamarci al numero 342 914 7711 per ulteriori info.<\/b><\/p>\n<p><em>Le Muse e le Dolomiti ringraziano il\u00a0Comune di Falcade e l&#8217;Istituto comprensivo di Cencenighe.<\/em><\/p>","excerpt":"","slug":"dietro-le-quinte-2025","image":{"url":"https:\/\/www.musedolomiti.it\/wp-content\/uploads\/2018\/06\/3_DIETROLEQUINTE.jpg","id":3841,"extension":"jpg","width":1800,"height":1200,"sizes":{"thumbnail":{"width":150,"height":150,"mime-type":"image\/jpeg","url":"https:\/\/www.musedolomiti.it\/wp-content\/uploads\/2018\/06\/3_DIETROLEQUINTE-150x150.jpg"},"medium":{"width":300,"height":200,"mime-type":"image\/jpeg","url":"https:\/\/www.musedolomiti.it\/wp-content\/uploads\/2018\/06\/3_DIETROLEQUINTE-300x200.jpg"},"medium_large":{"width":768,"height":512,"mime-type":"image\/jpeg","url":"https:\/\/www.musedolomiti.it\/wp-content\/uploads\/2018\/06\/3_DIETROLEQUINTE-768x512.jpg"},"large":{"width":1024,"height":683,"mime-type":"image\/jpeg","url":"https:\/\/www.musedolomiti.it\/wp-content\/uploads\/2018\/06\/3_DIETROLEQUINTE-1024x683.jpg"},"post-thumbnail-size":{"width":750,"height":330,"mime-type":"image\/jpeg","url":"https:\/\/www.musedolomiti.it\/wp-content\/uploads\/2018\/06\/3_DIETROLEQUINTE-750x330.jpg"},"round-personnel-size":{"width":400,"height":400,"mime-type":"image\/jpeg","url":"https:\/\/www.musedolomiti.it\/wp-content\/uploads\/2018\/06\/3_DIETROLEQUINTE-400x400.jpg"},"small-grid-size":{"width":400,"height":300,"mime-type":"image\/jpeg","url":"https:\/\/www.musedolomiti.it\/wp-content\/uploads\/2018\/06\/3_DIETROLEQUINTE-400x300.jpg"},"portrait":{"width":440,"height":550,"mime-type":"image\/jpeg","url":"https:\/\/www.musedolomiti.it\/wp-content\/uploads\/2018\/06\/3_DIETROLEQUINTE-440x550.jpg"},"post-slider-side":{"width":750,"height":330,"mime-type":"image\/jpeg","url":"https:\/\/www.musedolomiti.it\/wp-content\/uploads\/2018\/06\/3_DIETROLEQUINTE-750x330.jpg"},"full-slider":{"width":980,"height":380,"mime-type":"image\/jpeg","url":"https:\/\/www.musedolomiti.it\/wp-content\/uploads\/2018\/06\/3_DIETROLEQUINTE-980x380.jpg"},"portfolio-portrait":{"width":500,"height":550,"mime-type":"image\/jpeg","url":"https:\/\/www.musedolomiti.it\/wp-content\/uploads\/2018\/06\/3_DIETROLEQUINTE-500x550.jpg"},"blog-grid":{"width":700,"height":400,"mime-type":"image\/jpeg","url":"https:\/\/www.musedolomiti.it\/wp-content\/uploads\/2018\/06\/3_DIETROLEQUINTE-700x400.jpg"}}},"all_day":true,"start_date":"2025-07-15 00:00:00","start_date_details":{"year":"2025","month":"07","day":"15","hour":"00","minutes":"00","seconds":"00"},"end_date":"2025-07-24 23:59:59","end_date_details":{"year":"2025","month":"07","day":"24","hour":"23","minutes":"59","seconds":"59"},"utc_start_date":"2025-07-14 22:00:00","utc_start_date_details":{"year":"2025","month":"07","day":"14","hour":"22","minutes":"00","seconds":"00"},"utc_end_date":"2025-07-24 21:59:59","utc_end_date_details":{"year":"2025","month":"07","day":"24","hour":"21","minutes":"59","seconds":"59"},"timezone":"Europe\/Rome","timezone_abbr":"CEST","cost":"Ingresso libero","cost_details":{"currency_symbol":"","currency_code":"","currency_position":"suffix","values":["ingresso-libero"]},"website":"","show_map":false,"show_map_link":true,"hide_from_listings":false,"sticky":false,"featured":false,"categories":[{"name":"XIII Edizione 2025","slug":"xiii-edizione-2025","term_group":0,"term_taxonomy_id":79,"taxonomy":"tribe_events_cat","description":"","parent":61,"count":6,"filter":"raw","id":79,"urls":{"self":"https:\/\/www.musedolomiti.it\/en\/wp-json\/tribe\/events\/v1\/categories\/79","collection":"https:\/\/www.musedolomiti.it\/en\/wp-json\/tribe\/events\/v1\/categories","up":"https:\/\/www.musedolomiti.it\/en\/wp-json\/tribe\/events\/v1\/categories\/61"}}],"tags":[],"venue":{"id":3422,"author":"1","status":"publish","date":"2018-06-29 06:30:35","date_utc":"2018-06-29 04:30:35","modified":"2018-06-29 06:30:35","modified_utc":"2018-06-29 04:30:35","url":"https:\/\/www.musedolomiti.it\/en\/venue\/scuola-primaria-padre-felice-cappello-di-falcade\/","venue":"Scuola Primaria &#8220;Padre Felice Cappello&#8221; di Falcade","slug":"scuola-primaria-padre-felice-cappello-di-falcade","address":"Via Marmolada, 37","city":"Falcade","country":"Italia","province":"BL","zip":"32020","stateprovince":"BL","geo_lat":46.3638499999999993406163412146270275115966796875,"geo_lng":11.885040000000000048885340220294892787933349609375,"json_ld":{"@type":"Place","name":"Scuola Primaria &#8220;Padre Felice Cappello&#8221; di Falcade","description":"","url":"https:\/\/www.musedolomiti.it\/en\/venue\/scuola-primaria-padre-felice-cappello-di-falcade\/","address":{"@type":"PostalAddress","streetAddress":"Via Marmolada, 37","addressLocality":"Falcade","addressRegion":"BL","postalCode":"32020","addressCountry":"Italia"},"geo":{"@type":"GeoCoordinates","latitude":46.3638499999999993406163412146270275115966796875,"longitude":11.885040000000000048885340220294892787933349609375},"telephone":"","sameAs":""},"show_map":false,"show_map_link":true,"global_id":"www.musedolomiti.it\/en\/?id=3422","global_id_lineage":["www.musedolomiti.it\/en\/?id=3422"]},"organizer":[{"id":3350,"author":"1","status":"publish","date":"2018-06-26 22:23:33","date_utc":"2018-06-26 20:23:33","modified":"2025-07-09 00:15:48","modified_utc":"2025-07-08 22:15:48","url":"https:\/\/www.musedolomiti.it\/en\/organizer\/le-muse-e-le-dolomiti\/","organizer":"Associazione Culturale \u201cLe Muse e le Dolomiti\u201d","slug":"le-muse-e-le-dolomiti","website":"http:\/\/www.musedolomiti.it","email":"organizzazione@musedolomiti.it","json_ld":{"@type":"Person","name":"Associazione Culturale \u201cLe Muse e le Dolomiti\u201d","description":"","url":"http:\/\/www.musedolomiti.it","telephone":"","email":"org&#97;ni&#122;&#122;azio&#110;e&#64;mu&#115;e&#100;&#111;&#108;&#111;m&#105;&#116;i.i&#116;","sameAs":"http:\/\/www.musedolomiti.it"},"global_id":"www.musedolomiti.it\/en\/?id=3350","global_id_lineage":["www.musedolomiti.it\/en\/?id=3350"]}],"custom_fields":[],"json_ld":{"@context":"http:\/\/schema.org","@type":"Event","name":"Dietro le Quinte","description":"&lt;p&gt;Marted\u00ec 15 - Gioved\u00ec 24 Luglio 2025 | Scuola Primaria &quot;Padre Felice Cappello&quot;, Falcade |\u00a0 INGRESSO LIBERO Vi aspettiamo numerosi ad uno dei nostri eventi chiave....: &quot;Dietro le Quinte&quot;! Dal... &lt;\/p&gt;\\n&lt;div class=&quot;clear&quot;&gt;&lt;\/div&gt;\\n&lt;p&gt;&lt;a href=&quot;https:\/\/www.musedolomiti.it\/en\/evento\/dietro-le-quinte-2025\/&quot; class=&quot;gdlr-button with-border excerpt-read-more&quot;&gt;Read More&lt;\/a&gt;&lt;\/p&gt;\\n","image":"https:\/\/www.musedolomiti.it\/wp-content\/uploads\/2018\/06\/3_DIETROLEQUINTE.jpg","url":"https:\/\/www.musedolomiti.it\/en\/evento\/dietro-le-quinte-2025\/","eventAttendanceMode":"https:\/\/schema.org\/OfflineEventAttendanceMode","eventStatus":"https:\/\/schema.org\/EventScheduled","startDate":"2025-07-15T00:00:00+02:00","endDate":"2025-07-24T23:59:59+02:00","location":{"@type":"Place","name":"Scuola Primaria &#8220;Padre Felice Cappello&#8221; di Falcade","description":"","url":"https:\/\/www.musedolomiti.it\/en\/venue\/scuola-primaria-padre-felice-cappello-di-falcade\/","address":{"@type":"PostalAddress","streetAddress":"Via Marmolada, 37","addressLocality":"Falcade","addressRegion":"BL","postalCode":"32020","addressCountry":"Italia"},"geo":{"@type":"GeoCoordinates","latitude":46.3638499999999993406163412146270275115966796875,"longitude":11.885040000000000048885340220294892787933349609375},"telephone":"","sameAs":""},"organizer":{"@type":"Person","name":"Associazione Culturale \u201cLe Muse e le Dolomiti\u201d","description":"","url":"http:\/\/www.musedolomiti.it","telephone":"","email":"o&#114;&#103;an&#105;zz&#97;z&#105;&#111;ne&#64;m&#117;&#115;e&#100;&#111;l&#111;&#109;&#105;t&#105;.i&#116;","sameAs":"http:\/\/www.musedolomiti.it"},"offers":{"@type":"Offer","price":"Ingresso libero","priceCurrency":"USD","url":"https:\/\/www.musedolomiti.it\/en\/evento\/dietro-le-quinte-2025\/","category":"primary","availability":"inStock","validFrom":"2025-07-08T00:00:00+00:00"},"performer":"Organization"}}